{"id":166,"date":"2025-04-06T19:31:57","date_gmt":"2025-04-06T17:31:57","guid":{"rendered":"https:\/\/av-zeesen-seeblick.de\/?p=166"},"modified":"2025-04-06T19:36:29","modified_gmt":"2025-04-06T17:36:29","slug":"einladung-zum-osterfeuer-2025","status":"publish","type":"post","link":"https:\/\/av-zeesen-seeblick.de\/index.php\/2025\/04\/06\/einladung-zum-osterfeuer-2025\/","title":{"rendered":"Einladung zum Osterfeuer 2025"},"content":{"rendered":"\n<p>Der Anglerverein l\u00e4dt zum traditionellen Osterfeuer&nbsp;und gem\u00fctlichen Beisammensein am Gr\u00fcndonnerstag, den 17.04.2025 ein.<\/p>\n\n\n\n<p>P\u00fcnktlich um 19:00 Uhr wird das Feuer auf unserem Vereinsgel\u00e4nde im Seeblick 15 entfacht.<\/p>\n\n\n\n<p>F\u00fcr Speisen und Getr\u00e4nke ist gesorgt.<\/p>\n\n\n\n<p>Wir freuen uns auf euch!<\/p>\n\n\n\n<figure class=\"wp-block-image size-full is-resized\"><img loading=\"lazy\" decoding=\"async\" width=\"650\" height=\"457\" src=\"https:\/\/av-zeesen-seeblick.de\/wp-content\/uploads\/2025\/04\/2001_024.jpg\" alt=\"\" class=\"wp-image-167\" style=\"width:428px;height:auto\" srcset=\"https:\/\/av-zeesen-seeblick.de\/wp-content\/uploads\/2025\/04\/2001_024.jpg 650w, https:\/\/av-zeesen-seeblick.de\/wp-content\/uploads\/2025\/04\/2001_024-300x211.jpg 300w\" sizes=\"auto, (max-width: 650px) 100vw, 650px\" \/><\/figure>\n","protected":false},"excerpt":{"rendered":"<p>Der Anglerverein l\u00e4dt zum traditionellen Osterfeuer&nbsp;und gem\u00fctlichen Beisammensein am Gr\u00fcndonnerstag, den 17.04.2025 ein. P\u00fcnktlich um 19:00 Uhr wird das Feuer auf unserem Vereinsgel\u00e4nde im Seeblick 15 entfacht. F\u00fcr Speisen und [&hellip;]<\/p>\n","protected":false},"author":2,"featured_media":0,"comment_status":"closed","ping_status":"open","sticky":false,"template":"","format":"standard","meta":{"_EventAllDay":false,"_EventTimezone":"","_EventStartDate":"","_EventEndDate":"","_EventStartDateUTC":"","_EventEndDateUTC":"","_EventShowMap":false,"_EventShowMapLink":false,"_EventURL":"","_EventCost":"","_EventCostDescription":"","_EventCurrencySymbol":"","_EventCurrencyCode":"","_EventCurrencyPosition":"","_EventDateTimeSeparator":"","_EventTimeRangeSeparator":"","_EventOrganizerID":[],"_EventVenueID":[],"_OrganizerEmail":"","_OrganizerPhone":"","_OrganizerWebsite":"","_VenueAddress":"","_VenueCity":"","_VenueCountry":"","_VenueProvince":"","_VenueState":"","_VenueZip":"","_VenuePhone":"","_VenueURL":"","_VenueStateProvince":"","_VenueLat":"","_VenueLng":"","_VenueShowMap":false,"_VenueShowMapLink":false,"footnotes":""},"categories":[1],"tags":[],"class_list":["post-166","post","type-post","status-publish","format-standard","hentry","category-allgemein"],"_links":{"self":[{"href":"https:\/\/av-zeesen-seeblick.de\/index.php\/wp-json\/wp\/v2\/posts\/166","targetHints":{"allow":["GET"]}}],"collection":[{"href":"https:\/\/av-zeesen-seeblick.de\/index.php\/wp-json\/wp\/v2\/posts"}],"about":[{"href":"https:\/\/av-zeesen-seeblick.de\/index.php\/wp-json\/wp\/v2\/types\/post"}],"author":[{"embeddable":true,"href":"https:\/\/av-zeesen-seeblick.de\/index.php\/wp-json\/wp\/v2\/users\/2"}],"replies":[{"embeddable":true,"href":"https:\/\/av-zeesen-seeblick.de\/index.php\/wp-json\/wp\/v2\/comments?post=166"}],"version-history":[{"count":3,"href":"https:\/\/av-zeesen-seeblick.de\/index.php\/wp-json\/wp\/v2\/posts\/166\/revisions"}],"predecessor-version":[{"id":170,"href":"https:\/\/av-zeesen-seeblick.de\/index.php\/wp-json\/wp\/v2\/posts\/166\/revisions\/170"}],"wp:attachment":[{"href":"https:\/\/av-zeesen-seeblick.de\/index.php\/wp-json\/wp\/v2\/media?parent=166"}],"wp:term":[{"taxonomy":"category","embeddable":true,"href":"https:\/\/av-zeesen-seeblick.de\/index.php\/wp-json\/wp\/v2\/categories?post=166"},{"taxonomy":"post_tag","embeddable":true,"href":"https:\/\/av-zeesen-seeblick.de\/index.php\/wp-json\/wp\/v2\/tags?post=166"}],"curies":[{"name":"wp","href":"https:\/\/api.w.org\/{rel}","templated":true}]}}